{"id":6123,"date":"2022-02-28T19:54:03","date_gmt":"2022-02-28T19:54:03","guid":{"rendered":"http:\/\/iesataulfoargenta.es\/wp\/?p=6123"},"modified":"2022-02-28T19:54:03","modified_gmt":"2022-02-28T19:54:03","slug":"gracias-a-los-scouts-de-cerredo","status":"publish","type":"post","link":"https:\/\/iesataulfoargenta.es\/wp\/2022\/02\/28\/gracias-a-los-scouts-de-cerredo\/","title":{"rendered":"Gracias a los Scouts de Cerredo"},"content":{"rendered":"<p style=\"text-align: center;\">Muchas gracias a los <a href=\"https:\/\/www.facebook.com\/ScoutCerredo\/\" target=\"_blank\" rel=\"noopener\">Scouts del Grupo Scout Cerredo<\/a> por la ayuda, as\u00ed da gusto!!! #Ata\u00falfoSolidario #Ata\u00falfoSeMueve<\/p>\n<p style=\"text-align: center;\"><img data-recalc-dims=\"1\" loading=\"lazy\" decoding=\"async\" data-attachment-id=\"6124\" data-permalink=\"https:\/\/iesataulfoargenta.es\/wp\/2022\/02\/28\/gracias-a-los-scouts-de-cerredo\/descargar-2\/\" data-orig-file=\"https:\/\/i0.wp.com\/iesataulfoargenta.es\/wp\/wp-content\/uploads\/2022\/02\/descargar-2.png?fit=1008%2C2016&amp;ssl=1\" data-orig-size=\"1008,2016\" data-comments-opened=\"0\" data-image-meta=\"{&quot;aperture&quot;:&quot;0&quot;,&quot;credit&quot;:&quot;&quot;,&quot;camera&quot;:&quot;&quot;,&quot;caption&quot;:&quot;&quot;,&quot;created_timestamp&quot;:&quot;0&quot;,&quot;copyright&quot;:&quot;&quot;,&quot;focal_length&quot;:&quot;0&quot;,&quot;iso&quot;:&quot;0&quot;,&quot;shutter_speed&quot;:&quot;0&quot;,&quot;title&quot;:&quot;&quot;,&quot;orientation&quot;:&quot;0&quot;}\" data-image-title=\"descargar (2)\" data-image-description=\"\" data-image-caption=\"\" data-medium-file=\"https:\/\/i0.wp.com\/iesataulfoargenta.es\/wp\/wp-content\/uploads\/2022\/02\/descargar-2.png?fit=150%2C300&amp;ssl=1\" data-large-file=\"https:\/\/i0.wp.com\/iesataulfoargenta.es\/wp\/wp-content\/uploads\/2022\/02\/descargar-2.png?fit=512%2C1024&amp;ssl=1\" class=\"alignnone size-full wp-image-6124\" src=\"https:\/\/i0.wp.com\/iesataulfoargenta.es\/wp\/wp-content\/uploads\/2022\/02\/descargar-2.png?resize=800%2C1600&#038;ssl=1\" alt=\"\" width=\"800\" height=\"1600\" srcset=\"https:\/\/i0.wp.com\/iesataulfoargenta.es\/wp\/wp-content\/uploads\/2022\/02\/descargar-2.png?w=1008&amp;ssl=1 1008w, https:\/\/i0.wp.com\/iesataulfoargenta.es\/wp\/wp-content\/uploads\/2022\/02\/descargar-2.png?resize=150%2C300&amp;ssl=1 150w, https:\/\/i0.wp.com\/iesataulfoargenta.es\/wp\/wp-content\/uploads\/2022\/02\/descargar-2.png?resize=512%2C1024&amp;ssl=1 512w, https:\/\/i0.wp.com\/iesataulfoargenta.es\/wp\/wp-content\/uploads\/2022\/02\/descargar-2.png?resize=768%2C1536&amp;ssl=1 768w\" sizes=\"auto, (max-width: 800px) 100vw, 800px\" \/><\/p>\n<p style=\"text-align: center;\"><img data-recalc-dims=\"1\" loading=\"lazy\" decoding=\"async\" data-attachment-id=\"6126\" data-permalink=\"https:\/\/iesataulfoargenta.es\/wp\/2022\/02\/28\/gracias-a-los-scouts-de-cerredo\/descargar-1-2\/\" data-orig-file=\"https:\/\/i0.wp.com\/iesataulfoargenta.es\/wp\/wp-content\/uploads\/2022\/02\/descargar-1-1.png?fit=1600%2C1200&amp;ssl=1\" data-orig-size=\"1600,1200\" data-comments-opened=\"0\" data-image-meta=\"{&quot;aperture&quot;:&quot;0&quot;,&quot;credit&quot;:&quot;&quot;,&quot;camera&quot;:&quot;&quot;,&quot;caption&quot;:&quot;&quot;,&quot;created_timestamp&quot;:&quot;0&quot;,&quot;copyright&quot;:&quot;&quot;,&quot;focal_length&quot;:&quot;0&quot;,&quot;iso&quot;:&quot;0&quot;,&quot;shutter_speed&quot;:&quot;0&quot;,&quot;title&quot;:&quot;&quot;,&quot;orientation&quot;:&quot;0&quot;}\" data-image-title=\"descargar (1)\" data-image-description=\"\" data-image-caption=\"\" data-medium-file=\"https:\/\/i0.wp.com\/iesataulfoargenta.es\/wp\/wp-content\/uploads\/2022\/02\/descargar-1-1.png?fit=300%2C225&amp;ssl=1\" data-large-file=\"https:\/\/i0.wp.com\/iesataulfoargenta.es\/wp\/wp-content\/uploads\/2022\/02\/descargar-1-1.png?fit=800%2C600&amp;ssl=1\" class=\"alignnone size-full wp-image-6126\" src=\"https:\/\/i0.wp.com\/iesataulfoargenta.es\/wp\/wp-content\/uploads\/2022\/02\/descargar-1-1.png?resize=800%2C600&#038;ssl=1\" alt=\"\" width=\"800\" height=\"600\" srcset=\"https:\/\/i0.wp.com\/iesataulfoargenta.es\/wp\/wp-content\/uploads\/2022\/02\/descargar-1-1.png?w=1600&amp;ssl=1 1600w, https:\/\/i0.wp.com\/iesataulfoargenta.es\/wp\/wp-content\/uploads\/2022\/02\/descargar-1-1.png?resize=300%2C225&amp;ssl=1 300w, https:\/\/i0.wp.com\/iesataulfoargenta.es\/wp\/wp-content\/uploads\/2022\/02\/descargar-1-1.png?resize=1024%2C768&amp;ssl=1 1024w, https:\/\/i0.wp.com\/iesataulfoargenta.es\/wp\/wp-content\/uploads\/2022\/02\/descargar-1-1.png?resize=768%2C576&amp;ssl=1 768w, https:\/\/i0.wp.com\/iesataulfoargenta.es\/wp\/wp-content\/uploads\/2022\/02\/descargar-1-1.png?resize=1536%2C1152&amp;ssl=1 1536w\" sizes=\"auto, (max-width: 800px) 100vw, 800px\" \/><\/p>\n<p style=\"text-align: center;\">\n<p style=\"text-align: center;\">\n<p style=\"text-align: center;\">\n","protected":false},"excerpt":{"rendered":"<p>Muchas gracias a los Scouts del Grupo Scout Cerredo por la ayuda, as\u00ed da gusto!!! #Ata\u00falfoSolidario #Ata\u00falfoSeMueve<\/p>\n","protected":false},"author":1,"featured_media":6094,"comment_status":"closed","ping_status":"closed","sticky":false,"template":"","format":"standard","meta":{"colormag_page_container_layout":"default_layout","colormag_page_sidebar_layout":"default_layout","_exactmetrics_skip_tracking":false,"_exactmetrics_sitenote_active":false,"_exactmetrics_sitenote_note":"","_exactmetrics_sitenote_category":0,"jetpack_post_was_ever_published":false,"_jetpack_newsletter_access":"","_jetpack_dont_email_post_to_subs":false,"_jetpack_newsletter_tier_id":0,"_jetpack_memberships_contains_paywalled_content":false,"_jetpack_memberships_contains_paid_content":false,"footnotes":"","jetpack_publicize_message":"","jetpack_publicize_feature_enabled":true,"jetpack_social_post_already_shared":true,"jetpack_social_options":{"image_generator_settings":{"template":"highway","default_image_id":0,"font":"","enabled":false},"version":2}},"categories":[75,34,69,64,29],"tags":[],"class_list":["post-6123","post","type-post","status-publish","format-standard","has-post-thumbnail","hentry","category-apertura-del-centro-a-la-comunidad","category-autonomia-de-centros","category-comunicados-avisos","category-quienes","category-planes-y-proyectos"],"aioseo_notices":[],"jetpack_publicize_connections":[],"jetpack_featured_media_url":"https:\/\/i0.wp.com\/iesataulfoargenta.es\/wp\/wp-content\/uploads\/2022\/01\/Captura.jpg?fit=325%2C147&ssl=1","jetpack_sharing_enabled":true,"jetpack_shortlink":"https:\/\/wp.me\/pas6Wc-1AL","jetpack-related-posts":[{"id":15878,"url":"https:\/\/iesataulfoargenta.es\/wp\/2026\/03\/24\/nueva-aplicacion-para-la-admision-y-matriculacion-en-formacion-profesional-2026-2027\/","url_meta":{"origin":6123,"position":0},"title":"Nueva aplicaci\u00f3n para la admisi\u00f3n y matriculaci\u00f3n en Formaci\u00f3n Profesional 2026\/2027","author":"admin","date":"marzo 24, 2026","format":false,"excerpt":"La Consejer\u00eda ha lanzado una nueva aplicaci\u00f3n oficial para gestionar todo el proceso de admisi\u00f3n y matriculaci\u00f3n en Formaci\u00f3n Profesional para el curso 2026\/2027. Esta herramienta permitir\u00e1 realizar los tr\u00e1mites de forma m\u00e1s sencilla, r\u00e1pida y centralizada, garantizando una experiencia m\u00e1s \u00e1gil tanto para el alumnado como para las familias.\u2026","rel":"","context":"Entrada similar","block_context":{"text":"Entrada similar","link":""},"img":{"alt_text":"","src":"https:\/\/i0.wp.com\/iesataulfoargenta.es\/wp\/wp-content\/uploads\/2026\/03\/Captura-de-pantalla-2026-03-25-001137.png?resize=350%2C200&ssl=1","width":350,"height":200,"srcset":"https:\/\/i0.wp.com\/iesataulfoargenta.es\/wp\/wp-content\/uploads\/2026\/03\/Captura-de-pantalla-2026-03-25-001137.png?resize=350%2C200&ssl=1 1x, https:\/\/i0.wp.com\/iesataulfoargenta.es\/wp\/wp-content\/uploads\/2026\/03\/Captura-de-pantalla-2026-03-25-001137.png?resize=525%2C300&ssl=1 1.5x, https:\/\/i0.wp.com\/iesataulfoargenta.es\/wp\/wp-content\/uploads\/2026\/03\/Captura-de-pantalla-2026-03-25-001137.png?resize=700%2C400&ssl=1 2x"},"classes":[]},{"id":15865,"url":"https:\/\/iesataulfoargenta.es\/wp\/2026\/03\/18\/competencia-matematica\/","url_meta":{"origin":6123,"position":1},"title":"Competencia Matem\u00e1tica","author":"admin","date":"marzo 18, 2026","format":false,"excerpt":"Este centro participa en el\u00a0Programa de Cooperaci\u00f3n Territorial de Refuerzo de la Competencia Matem\u00e1tica, financiado por el Ministerio de Educaci\u00f3n, Formaci\u00f3n Profesional y Deportes","rel":"","context":"En \u00abProgramas en los que se participa\u00bb","block_context":{"text":"Programas en los que se participa","link":"https:\/\/iesataulfoargenta.es\/wp\/category\/autonomia-de-centros\/planes-y-proyectos\/programas-en-los-que-se-participa\/"},"img":{"alt_text":"","src":"https:\/\/i0.wp.com\/iesataulfoargenta.es\/wp\/wp-content\/uploads\/2026\/03\/MINISTERIO-REFUERZO-COMPETENCIA-MATEMATICA-25.png?resize=350%2C200&ssl=1","width":350,"height":200,"srcset":"https:\/\/i0.wp.com\/iesataulfoargenta.es\/wp\/wp-content\/uploads\/2026\/03\/MINISTERIO-REFUERZO-COMPETENCIA-MATEMATICA-25.png?resize=350%2C200&ssl=1 1x, https:\/\/i0.wp.com\/iesataulfoargenta.es\/wp\/wp-content\/uploads\/2026\/03\/MINISTERIO-REFUERZO-COMPETENCIA-MATEMATICA-25.png?resize=525%2C300&ssl=1 1.5x, https:\/\/i0.wp.com\/iesataulfoargenta.es\/wp\/wp-content\/uploads\/2026\/03\/MINISTERIO-REFUERZO-COMPETENCIA-MATEMATICA-25.png?resize=700%2C400&ssl=1 2x"},"classes":[]},{"id":15875,"url":"https:\/\/iesataulfoargenta.es\/wp\/2026\/03\/24\/%e2%9c%8d%ef%b8%8f-orgullo-literario-en-el-ataulfo\/","url_meta":{"origin":6123,"position":2},"title":"\u270d\ufe0f Orgullo literario en el Ata\u00falfo","author":"admin","date":"marzo 24, 2026","format":false,"excerpt":"Una alumna de nuestro centro, Gala \u00c1lvarez Gonz\u00e1lez, de 2\u00ba D de ESO, ha sido elegida ganadora de la categor\u00eda de Relato Breve del concurso Lorenzo Oliv\u00e1n. Un logro magn\u00edfico que refleja su talento, sensibilidad y gran proyecci\u00f3n como escritora. \ud83d\udcd6 Pod\u00e9is leer aqu\u00ed su relato. Enhorabuena a esta gran\u2026","rel":"","context":"Entrada similar","block_context":{"text":"Entrada similar","link":""},"img":{"alt_text":"","src":"https:\/\/i0.wp.com\/iesataulfoargenta.es\/wp\/wp-content\/uploads\/2026\/03\/foto-ganadora-Gala-Alvarez.jpeg?resize=350%2C200&ssl=1","width":350,"height":200,"srcset":"https:\/\/i0.wp.com\/iesataulfoargenta.es\/wp\/wp-content\/uploads\/2026\/03\/foto-ganadora-Gala-Alvarez.jpeg?resize=350%2C200&ssl=1 1x, https:\/\/i0.wp.com\/iesataulfoargenta.es\/wp\/wp-content\/uploads\/2026\/03\/foto-ganadora-Gala-Alvarez.jpeg?resize=525%2C300&ssl=1 1.5x, https:\/\/i0.wp.com\/iesataulfoargenta.es\/wp\/wp-content\/uploads\/2026\/03\/foto-ganadora-Gala-Alvarez.jpeg?resize=700%2C400&ssl=1 2x"},"classes":[]},{"id":15857,"url":"https:\/\/iesataulfoargenta.es\/wp\/2026\/03\/18\/bienestar\/","url_meta":{"origin":6123,"position":3},"title":"Bienestar","author":"admin","date":"marzo 18, 2026","format":false,"excerpt":"Este centro participa en el\u00a0Programa de Cooperaci\u00f3n Territorial de Bienestar Emocional en el \u00c1mbito Educativo, financiado por el Ministerio de Educaci\u00f3n, Formaci\u00f3n Profesional y Deportes \u00a0","rel":"","context":"En \u00abProgramas en los que se participa\u00bb","block_context":{"text":"Programas en los que se participa","link":"https:\/\/iesataulfoargenta.es\/wp\/category\/autonomia-de-centros\/planes-y-proyectos\/programas-en-los-que-se-participa\/"},"img":{"alt_text":"","src":"https:\/\/i0.wp.com\/iesataulfoargenta.es\/wp\/wp-content\/uploads\/2026\/03\/MINISTERIO-Bienestar-Emocial-scaled.png?resize=350%2C200&ssl=1","width":350,"height":200,"srcset":"https:\/\/i0.wp.com\/iesataulfoargenta.es\/wp\/wp-content\/uploads\/2026\/03\/MINISTERIO-Bienestar-Emocial-scaled.png?resize=350%2C200&ssl=1 1x, https:\/\/i0.wp.com\/iesataulfoargenta.es\/wp\/wp-content\/uploads\/2026\/03\/MINISTERIO-Bienestar-Emocial-scaled.png?resize=525%2C300&ssl=1 1.5x, https:\/\/i0.wp.com\/iesataulfoargenta.es\/wp\/wp-content\/uploads\/2026\/03\/MINISTERIO-Bienestar-Emocial-scaled.png?resize=700%2C400&ssl=1 2x, https:\/\/i0.wp.com\/iesataulfoargenta.es\/wp\/wp-content\/uploads\/2026\/03\/MINISTERIO-Bienestar-Emocial-scaled.png?resize=1050%2C600&ssl=1 3x, https:\/\/i0.wp.com\/iesataulfoargenta.es\/wp\/wp-content\/uploads\/2026\/03\/MINISTERIO-Bienestar-Emocial-scaled.png?resize=1400%2C800&ssl=1 4x"},"classes":[]},{"id":15867,"url":"https:\/\/iesataulfoargenta.es\/wp\/2026\/03\/18\/escuela-4-0\/","url_meta":{"origin":6123,"position":4},"title":"Escuela 4.0","author":"admin","date":"marzo 18, 2026","format":false,"excerpt":"Este centro participa en el\u00a0Programa de Cooperaci\u00f3n Territorial C\u00f3digo Escuela 4.0, financiado por el Ministerio de Educaci\u00f3n, Formaci\u00f3n Profesional y Deportes","rel":"","context":"En \u00abProgramas en los que se participa\u00bb","block_context":{"text":"Programas en los que se participa","link":"https:\/\/iesataulfoargenta.es\/wp\/category\/autonomia-de-centros\/planes-y-proyectos\/programas-en-los-que-se-participa\/"},"img":{"alt_text":"","src":"https:\/\/i0.wp.com\/iesataulfoargenta.es\/wp\/wp-content\/uploads\/2026\/03\/MINISTERIO-Codigo-Escuela-4.0-scaled.png?resize=350%2C200&ssl=1","width":350,"height":200,"srcset":"https:\/\/i0.wp.com\/iesataulfoargenta.es\/wp\/wp-content\/uploads\/2026\/03\/MINISTERIO-Codigo-Escuela-4.0-scaled.png?resize=350%2C200&ssl=1 1x, https:\/\/i0.wp.com\/iesataulfoargenta.es\/wp\/wp-content\/uploads\/2026\/03\/MINISTERIO-Codigo-Escuela-4.0-scaled.png?resize=525%2C300&ssl=1 1.5x, https:\/\/i0.wp.com\/iesataulfoargenta.es\/wp\/wp-content\/uploads\/2026\/03\/MINISTERIO-Codigo-Escuela-4.0-scaled.png?resize=700%2C400&ssl=1 2x, https:\/\/i0.wp.com\/iesataulfoargenta.es\/wp\/wp-content\/uploads\/2026\/03\/MINISTERIO-Codigo-Escuela-4.0-scaled.png?resize=1050%2C600&ssl=1 3x, https:\/\/i0.wp.com\/iesataulfoargenta.es\/wp\/wp-content\/uploads\/2026\/03\/MINISTERIO-Codigo-Escuela-4.0-scaled.png?resize=1400%2C800&ssl=1 4x"},"classes":[]}],"_links":{"self":[{"href":"https:\/\/iesataulfoargenta.es\/wp\/wp-json\/wp\/v2\/posts\/6123","targetHints":{"allow":["GET"]}}],"collection":[{"href":"https:\/\/iesataulfoargenta.es\/wp\/wp-json\/wp\/v2\/posts"}],"about":[{"href":"https:\/\/iesataulfoargenta.es\/wp\/wp-json\/wp\/v2\/types\/post"}],"author":[{"embeddable":true,"href":"https:\/\/iesataulfoargenta.es\/wp\/wp-json\/wp\/v2\/users\/1"}],"replies":[{"embeddable":true,"href":"https:\/\/iesataulfoargenta.es\/wp\/wp-json\/wp\/v2\/comments?post=6123"}],"version-history":[{"count":1,"href":"https:\/\/iesataulfoargenta.es\/wp\/wp-json\/wp\/v2\/posts\/6123\/revisions"}],"predecessor-version":[{"id":6127,"href":"https:\/\/iesataulfoargenta.es\/wp\/wp-json\/wp\/v2\/posts\/6123\/revisions\/6127"}],"wp:featuredmedia":[{"embeddable":true,"href":"https:\/\/iesataulfoargenta.es\/wp\/wp-json\/wp\/v2\/media\/6094"}],"wp:attachment":[{"href":"https:\/\/iesataulfoargenta.es\/wp\/wp-json\/wp\/v2\/media?parent=6123"}],"wp:term":[{"taxonomy":"category","embeddable":true,"href":"https:\/\/iesataulfoargenta.es\/wp\/wp-json\/wp\/v2\/categories?post=6123"},{"taxonomy":"post_tag","embeddable":true,"href":"https:\/\/iesataulfoargenta.es\/wp\/wp-json\/wp\/v2\/tags?post=6123"}],"curies":[{"name":"wp","href":"https:\/\/api.w.org\/{rel}","templated":true}]}}